{"id":8338,"date":"2026-07-15T13:31:00","date_gmt":"2026-07-15T12:31:00","guid":{"rendered":"https:\/\/thecannex.com\/?p=8338"},"modified":"2026-07-15T16:06:17","modified_gmt":"2026-07-15T15:06:17","slug":"cannabis-e-amamentacao-residuos-fumo","status":"publish","type":"post","link":"https:\/\/thecannex.com\/pt-pt\/cannabis-e-amamentacao-residuos-fumo\/","title":{"rendered":"Cannabis e amamenta\u00e7\u00e3o: cientistas encontram res\u00edduos de fumo na urina de beb\u00e9s"},"content":{"rendered":"\n<p class=\"wp-block-paragraph\">Tanto em Portugal como no Brasil o acesso \u00e0 cannabis medicinal tem crescido depressa \u2014 pela via do Infarmed e da produ\u00e7\u00e3o para exporta\u00e7\u00e3o na Europa, e pela via das autoriza\u00e7\u00f5es da Anvisa e das decis\u00f5es judiciais no Brasil. E, com esse acesso, instala-se uma certeza enganadora: a ideia de que um pouco de cannabis n\u00e3o faz mal, nem sequer durante a amamenta\u00e7\u00e3o. Durante anos, a ci\u00eancia respondeu a essa ideia encolhendo os ombros. Sabia-se que o THC passa para o leite materno. Mas se os restantes acompanhantes do fumo \u2014 aqueles compostos de nome industrial que se formam quando algo arde \u2014 chegam tamb\u00e9m ao beb\u00e9, era um mist\u00e9rio.<\/p>\n\n\n\n<p class=\"wp-block-paragraph\">Um novo trabalho foi ver onde tudo se percebe com mais clareza: \u00e0 fralda. Investigadores da Universidade Estatal de Washington, em conjunto com os Centros de Controlo de Doen\u00e7as dos EUA (CDC), analisaram a urina de beb\u00e9s alimentados exclusivamente com leite materno cujas m\u00e3es consomem cannabis, e procuraram nela os chamados compostos org\u00e2nicos vol\u00e1teis (VOC, na sigla inglesa). Os resultados, publicados a 15 de julho de 2026 no <em>International Journal of Environmental Research and Public Health<\/em>, v\u00eam do <a href=\"https:\/\/doi.org\/10.3390\/ijerph23070905\">estudo Lactation and Cannabis (LAC)<\/a> e s\u00e3o os primeiros do g\u00e9nero. S\u00e3o tamb\u00e9m mais matizados do que gostariam tanto o lado alarmista como o do \u201cn\u00e3o \u00e9 nada de especial\u201d.<\/p>\n\n\n\n<h2 class=\"wp-block-heading\">O essencial em breve<\/h2>\n\n\n\n<p class=\"wp-block-paragraph\">A vers\u00e3o curta, antes do detalhe. Na urina de beb\u00e9s amamentados cujas m\u00e3es consomem cannabis, os investigadores encontraram 24 produtos de degrada\u00e7\u00e3o distintos ligados ao fumo, e os valores de muitos deles subiram depois de a m\u00e3e consumir, em compara\u00e7\u00e3o com uma medi\u00e7\u00e3o de base feita ap\u00f3s pelo menos doze horas sem cannabis. Duas dessas subst\u00e2ncias resultam de cancer\u00edgenos conhecidos \u2014 acrilonitrilo e acrilamida, os mesmos que existem no fumo do tabaco \u2014 e a sua concentra\u00e7\u00e3o acompanhou a quantidade de THC no leite da m\u00e3e. E o mais importante: nos beb\u00e9s de m\u00e3es que fumaram, os valores foram bastante mais altos do que nos de m\u00e3es que apenas vaporizaram. Mas, antes de nos assustarmos, duas coisas importam imenso: a amostra foi muito pequena (menos de vinte pares m\u00e3e-beb\u00e9) e as quantidades medidas foram at\u00e9 mais baixas do que a m\u00e9dia norte-americana em crian\u00e7as mais velhas. Os autores dizem sem rodeios que ainda n\u00e3o \u00e9 poss\u00edvel tirar qualquer conclus\u00e3o sobre seguran\u00e7a ou risco. Isto \u00e9 uma primeira luz de lanterna num quarto escuro, n\u00e3o uma senten\u00e7a.<\/p>\n\n\n\n<h2 class=\"wp-block-heading\">O que os investigadores fizeram exatamente<\/h2>\n\n\n\n<p class=\"wp-block-paragraph\">A ideia foi simples. Participaram vinte m\u00e3es a amamentar dos estados de Washington e Oregon, todas consumidoras habituais de cannabis e com beb\u00e9s com menos de seis meses. No dia do estudo, cada m\u00e3e entregava primeiro uma medi\u00e7\u00e3o \u201climpa\u201d: uma amostra de leite e de urina do beb\u00e9, recolhida ap\u00f3s pelo menos doze horas sem nada de cannabis. Depois consumia como est\u00e1 habituada \u2014 o seu pr\u00f3prio produto, o seu pr\u00f3prio m\u00e9todo, nada fornecido pela equipa. Nas oito a doze horas seguintes recolhiam-se v\u00e1rias amostras de leite e de urina.<\/p>\n\n\n\n<p class=\"wp-block-paragraph\">Recolher a urina de um beb\u00e9 n\u00e3o \u00e9 ci\u00eancia glamorosa. As m\u00e3es forravam uma fralda limpa com algod\u00f5es est\u00e9reis, verificavam-na com frequ\u00eancia e passavam o recolhido para tubos min\u00fasculos que iam direitos ao congelador de casa e, dali, em gelo, para um laborat\u00f3rio dos CDC. No fim, 65 amostras de urina de 19 pares m\u00e3e-beb\u00e9 passaram o controlo de qualidade e entraram na an\u00e1lise.<\/p>\n\n\n\n<h2 class=\"wp-block-heading\">As subst\u00e2ncias que ningu\u00e9m quer no quarto do beb\u00e9<\/h2>\n\n\n\n<p class=\"wp-block-paragraph\">Com uma an\u00e1lise muito sens\u00edvel (espetrometria de massa), os investigadores detetaram 24 das 32 subst\u00e2ncias procuradas. Quinze delas surgiram mais altas depois do consumo da m\u00e3e do que na amostra \u201climpa\u201d. Todos os beb\u00e9s tiveram pelo menos uma amostra com n\u00edveis detet\u00e1veis, o que indica que uma certa marca destes compostos faz, simplesmente, parte do ambiente moderno.<\/p>\n\n\n\n<p class=\"wp-block-paragraph\">Duas subst\u00e2ncias concentraram as aten\u00e7\u00f5es. A primeira, abreviada 2CyEMA, \u00e9 produzida pelo corpo ap\u00f3s o contacto com acrilonitrilo, um cancer\u00edgeno usado no fabrico de pl\u00e1sticos e borracha sint\u00e9tica e presente no fumo do tabaco. A segunda, 2CaEMA, \u00e9 a marca da acrilamida, tamb\u00e9m cancer\u00edgena e conhecida do fumo do cigarro (e que, curiosamente, aparece quando se tostam muito alimentos como batatas fritas ou torradas). Ambas subiram ap\u00f3s o consumo materno e ambas aumentaram a par do THC no leite. Por outras palavras: mais THC no leite, mais destes produtos de degrada\u00e7\u00e3o no beb\u00e9.<\/p>\n\n\n\n<h2 class=\"wp-block-heading\">Fumar ou vaporizar: onde se nota a diferen\u00e7a<\/h2>\n\n\n\n<p class=\"wp-block-paragraph\">Este \u00e9, talvez, o resultado mais aplic\u00e1vel \u00e0 vida real. Nos beb\u00e9s cujas m\u00e3es fumaram no dia do estudo, o marcador ligado ao acrilonitrilo foi, em m\u00e9dia, cerca de 89 % mais alto do que nos beb\u00e9s de m\u00e3es que apenas vaporizaram. Com a acrilamida, o mesmo padr\u00e3o.<\/p>\n\n\n\n<p class=\"wp-block-paragraph\">A qu\u00edmica por tr\u00e1s percebe-se com facilidade. Na combust\u00e3o \u2014 quando se p\u00f5e mesmo fogo ao material vegetal \u2014 a temperatura \u00e9 muito mais alta do que ao vaporizar, e \u00e9 esse calor que \u201cforja\u201d subst\u00e2ncias como o acrilonitrilo e a acrilamida. O vaporizador aquece a cannabis abaixo do limiar em que se gera a maior parte destes compostos, pelo que menos deles acabam no aerossol, no sangue e, ao que parece, no beb\u00e9. \u00c9 um padr\u00e3o que j\u00e1 se v\u00ea com o tabaco e que se enquadra na tend\u00eancia mais ampla de <a href=\"https:\/\/thecannex.com\/pt-pt\/perfis-consumo-nicotina-tabaco-cannabis-jovens-americanos\/\">como quem consome combina cada vez mais fumar, vaporizar e outros m\u00e9todos<\/a>, cada um com a sua pr\u00f3pria assinatura qu\u00edmica. &lt;!&#8211; REDA\u00c7\u00c3O \u2013 N\u00c3O PUBLICAR: a liga\u00e7\u00e3o interna aponta provisoriamente para o URL em ingl\u00eas. Antes de publicar, mudar para o slug \/pt-pt\/ quando confirmado, p. ex. \/pt-pt\/seis-perfis-consumo-nicotina-tabaco-cannabis-jovens\/ \u2013 verificar o slug real. &#8211;&gt;<\/p>\n\n\n\n<p class=\"wp-block-paragraph\">Al\u00e9m disso, essa mesma diferen\u00e7a entre queimar e vaporizar reflete uma viragem mais ampla nas formas de consumo, do fumo puro para <a href=\"https:\/\/thecannex.com\/pt-pt\/cannabis-inalado-neuropatia-diabete-tratamento-dor\/\">as formas inaladas e vaporizadas<\/a> e para os comest\u00edveis. &lt;!&#8211; REDA\u00c7\u00c3O \u2013 N\u00c3O PUBLICAR: a liga\u00e7\u00e3o interna aponta provisoriamente para o URL em ingl\u00eas. Antes de publicar, mudar para o slug \/pt-pt\/ quando confirmado, p. ex. \/pt-pt\/cannabis-inalada-neuropatia-diabetica-dor\/ \u2013 verificar o slug real. &#8211;&gt;<\/p>\n\n\n\n<p class=\"wp-block-paragraph\">Note-se, contudo: quem apenas vaporizou eram s\u00f3 duas, pelo que esta compara\u00e7\u00e3o, por mais impressionante que seja, assenta numa base muito t\u00e9nue.<\/p>\n\n\n\n<h2 class=\"wp-block-heading\">O contexto que os t\u00edtulos ignoram<\/h2>\n\n\n\n<p class=\"wp-block-paragraph\">Agora, a parte que mant\u00e9m tudo isto dentro do honesto. Quando os investigadores compararam os valores dos seus beb\u00e9s com dados nacionais dos CDC, o resultado foi antes tranquilizador: para a maioria das 32 subst\u00e2ncias, a m\u00e9dia em crian\u00e7as norte-americanas dos tr\u00eas aos cinco anos era pelo menos 40 % mais alta do que nestes lactentes. Ou seja, medidos por essa r\u00e9gua (imperfeita, \u00e9 certo), os beb\u00e9s do estudo n\u00e3o estavam a nadar num caldo qu\u00edmico. A exposi\u00e7\u00e3o era real, mas antes no extremo baixo.<\/p>\n\n\n\n<p class=\"wp-block-paragraph\">Conv\u00e9m lembrar tamb\u00e9m porque tantas m\u00e3es recentes recorrem \u00e0 cannabis. Os primeiros meses ap\u00f3s o parto trazem dor, exaust\u00e3o, ansiedade e ins\u00f3nia, e a muitas a cannabis parece \u2014 nem sempre com raz\u00e3o \u2014 uma via suave para lidar com isso. Essa perce\u00e7\u00e3o alimenta o aumento do consumo durante a amamenta\u00e7\u00e3o, e explica tamb\u00e9m <a href=\"https:\/\/thecannex.com\/pt-pt\/estudo-cannabis-medicinal-qualidade-sono-2025\/\">porque cada vez mais adultos recorrem \u00e0 cannabis para dormir ou aliviar o stress<\/a>. &lt;!&#8211; REDA\u00c7\u00c3O \u2013 N\u00c3O PUBLICAR: a liga\u00e7\u00e3o interna aponta provisoriamente para o URL em ingl\u00eas. Antes de publicar, mudar para o slug \/pt-pt\/ quando confirmado, p. ex. \/pt-pt\/cannabis-medicinal-qualidade-sono-estudo-2025\/ \u2013 verificar o slug real. &#8211;&gt;<\/p>\n\n\n\n<p class=\"wp-block-paragraph\">Perceber os pr\u00f3s e os contras, em vez de distribuir proibi\u00e7\u00f5es gen\u00e9ricas, \u00e9 precisamente o que estudos como este permitem.<\/p>\n\n\n\n<h2 class=\"wp-block-heading\">O que o estudo N\u00c3O diz<\/h2>\n\n\n\n<p class=\"wp-block-paragraph\">H\u00e1 que reconhecer aos autores como s\u00e3o claros quanto aos limites do seu trabalho, e qualquer leitura honesta tem de o repetir. Primeiro, o estudo LAC original nunca foi desenhado para medir exposi\u00e7\u00e3o a VOC, pelo que a equipa n\u00e3o conseguiu excluir outras fontes: fumo passivo de outras pessoas em casa, res\u00edduos depositados nas superf\u00edcies (o fumo de terceira m\u00e3o) ou at\u00e9 a alimenta\u00e7\u00e3o. A urina de um beb\u00e9 n\u00e3o diz se a subst\u00e2ncia chegou pelo leite, pelo ar ou da almofada do sof\u00e1.<\/p>\n\n\n\n<p class=\"wp-block-paragraph\">Segundo, n\u00e3o houve grupo de compara\u00e7\u00e3o \u2014 beb\u00e9s de m\u00e3es que n\u00e3o consomem cannabis \u2014, o que torna imposs\u00edvel isolar a cannabis como causa com total certeza. Terceiro, a amostra foi pequena e as m\u00e3es usaram produtos muito diferentes em doses muito diferentes, pelo que daqui n\u00e3o sai uma f\u00f3rmula limpa do tipo \u201ctanta cannabis equivale a tanto risco\u201d. E, quarto, o mais importante: ningu\u00e9m sabe o que estas quantidades concretas fazem a um beb\u00e9 em pleno desenvolvimento. O acrilonitrilo e a acrilamida est\u00e3o associados a cancro em adultos ap\u00f3s exposi\u00e7\u00e3o prolongada; o que significam os vest\u00edgios aqui encontrados, nesta idade, \u00e9 simplesmente desconhecido.<\/p>\n\n\n\n<h2 class=\"wp-block-heading\">O que isto significa em Portugal e no Brasil<\/h2>\n\n\n\n<p class=\"wp-block-paragraph\">Nem motivo de p\u00e2nico nem luz verde. O trabalho traz uma primeira evid\u00eancia s\u00f3lida de que a qu\u00edmica do <em>fumo<\/em> da cannabis \u2014 e n\u00e3o s\u00f3 o seu THC \u2014 pode chegar a um beb\u00e9 amamentado, e de que a forma de consumo conta. Para uma m\u00e3e que pondera op\u00e7\u00f5es, a diferen\u00e7a entre fumar e vaporizar \u00e9 um dado concreto, ainda que a ci\u00eancia que o sustenta seja jovem.<\/p>\n\n\n\n<p class=\"wp-block-paragraph\">Importa separar os dois enquadramentos legais, porque s\u00e3o distintos. Em <strong>Portugal<\/strong>, o consumo para uso pessoal est\u00e1 descriminalizado desde 2001 e a cannabis medicinal \u00e9 regulada pelo Infarmed ao abrigo da Lei n.\u00ba 33\/2018, num pa\u00eds que se tornou um polo europeu de produ\u00e7\u00e3o e exporta\u00e7\u00e3o de cannabis medicinal. No <strong>Brasil<\/strong>, a Lei 11.343\/2006 continua a ser a base do regime de drogas; em 2024 o Supremo Tribunal Federal (STF) fixou um limite de refer\u00eancia para presumir uso pessoal, e o acesso medicinal faz-se pelas resolu\u00e7\u00f5es (RDC) da Anvisa, al\u00e9m das autoriza\u00e7\u00f5es de cultivo que muitas fam\u00edlias obt\u00eam por via judicial, atrav\u00e9s de habeas corpus. O ponto comum \u00e9 que nenhum destes enquadramentos declara a cannabis in\u00f3cua durante a amamenta\u00e7\u00e3o: essa \u00e9 uma quest\u00e3o cl\u00ednica \u00e0 parte, e as orienta\u00e7\u00f5es pedi\u00e1tricas e obst\u00e9tricas dos dois pa\u00edses continuam a aconselhar que se evite o consumo enquanto se amamenta. Este estudo n\u00e3o altera essa recomenda\u00e7\u00e3o. O que muda \u00e9 que a casa \u201cexposi\u00e7\u00e3o desconhecida a VOC\u201d no mapa de riscos passa a ter n\u00fameros concretos \u2014 pequenos, mas n\u00fameros \u2014 e um pr\u00f3ximo passo claro: estudos maiores, com grupo de compara\u00e7\u00e3o, que digam por fim se algo disto importa para a sa\u00fade do beb\u00e9 a longo prazo.<\/p>\n\n\n\n<h2 class=\"wp-block-heading\">Perguntas frequentes<\/h2>\n\n\n\n<div class=\"schema-faq wp-block-yoast-faq-block\"><div class=\"schema-faq-section\" id=\"faq-question-1784127859662\"><strong class=\"schema-faq-question\">Este estudo prova que a cannabis no leite materno faz mal aos beb\u00e9s?<\/strong> <p class=\"schema-faq-answer\">N\u00e3o, e os autores s\u00e3o enf\u00e1ticos nisso. Prova apenas que nestes beb\u00e9s se podem detetar subst\u00e2ncias ligadas ao fumo e que algumas sobem ap\u00f3s o consumo da m\u00e3e. Se essas quantidades causam algum dano \u00e9 desconhecido, e o estudo n\u00e3o conseguiu provar que a cannabis seja a \u00fanica fonte. \u00c9 um ponto de partida para a investiga\u00e7\u00e3o, n\u00e3o um veredicto de sa\u00fade.<\/p> <\/div> <div class=\"schema-faq-section\" id=\"faq-question-1784127869123\"><strong class=\"schema-faq-question\"><strong>Vaporizar \u00e9 mais seguro do que fumar durante a amamenta\u00e7\u00e3o?<\/strong><\/strong> <p class=\"schema-faq-answer\">O estudo encontrou n\u00edveis mais baixos de dois produtos de cancer\u00edgenos nos beb\u00e9s de m\u00e3es que vaporizaram em vez de fumar, o que encaixa na qu\u00edmica da temperatura mais baixa do vaporizador. Mas \u201cmais baixo\u201d n\u00e3o \u00e9 \u201cseguro\u201d: o THC passa para o leite com qualquer m\u00e9todo, e o grupo que apenas vaporizava era muito reduzido. \u00c9 um sinal relevante, n\u00e3o um aval do vaporizador.<\/p> <\/div> <div class=\"schema-faq-section\" id=\"faq-question-1784127883803\"><strong class=\"schema-faq-question\"><strong>O que diz a lei em Portugal e no Brasil sobre a cannabis e a amamenta\u00e7\u00e3o?<\/strong><\/strong> <p class=\"schema-faq-answer\">S\u00e3o regimes distintos. Em Portugal, o uso pessoal est\u00e1 descriminalizado desde 2001 e a cannabis medicinal \u00e9 regulada pelo Infarmed (Lei n.\u00ba 33\/2018). No Brasil, aplica-se a Lei 11.343\/2006, com o limite de refer\u00eancia para uso pessoal fixado pelo STF em 2024, enquanto o acesso medicinal segue as resolu\u00e7\u00f5es da Anvisa e, no caso do cultivo, autoriza\u00e7\u00f5es judiciais por habeas corpus. Nenhum destes quadros se pronuncia sobre a seguran\u00e7a durante a amamenta\u00e7\u00e3o, que \u00e9 uma quest\u00e3o cl\u00ednica. Para decis\u00f5es concretas, deve consultar-se pessoal de sa\u00fade.<\/p> <\/div> <div class=\"schema-faq-section\" id=\"faq-question-1784127900483\"><strong class=\"schema-faq-question\">Quanto THC chega, na realidade, ao beb\u00e9?<\/strong> <p class=\"schema-faq-answer\">Neste estudo, a ingest\u00e3o di\u00e1ria m\u00e9dia estimada de THC por beb\u00e9 atrav\u00e9s do leite variou entre cerca de 0,002 e 0,196 miligramas por dia, com uma m\u00e9dia pr\u00f3xima de 0,05 miligramas. S\u00e3o quantidades pequenas, mas os investigadores avisam que se desconhece o que significa uma exposi\u00e7\u00e3o baixa mas repetida durante o desenvolvimento inicial.<\/p> <\/div> <\/div>\n\n\n\n<h2 class=\"wp-block-heading\">Aviso legal<\/h2>\n\n\n\n<p class=\"wp-block-paragraph\">Este material tem fins exclusivamente informativos e educativos e exp\u00f5e os resultados de um \u00fanico estudo cient\u00edfico em fase inicial. N\u00e3o constitui aconselhamento m\u00e9dico e n\u00e3o deve ser usado para tomar decis\u00f5es sobre o consumo de cannabis, a amamenta\u00e7\u00e3o ou os cuidados a um beb\u00e9. A investiga\u00e7\u00e3o descrita baseia-se numa amostra pequena e n\u00e3o pode provar causa, efeito nem seguran\u00e7a. Quem estiver gr\u00e1vida, a amamentar ou a cuidar de um lactente deve colocar a sua situa\u00e7\u00e3o concreta a pessoal de sa\u00fade qualificado. As normas sobre a cannabis diferem de pa\u00eds para pa\u00eds e mudam ao longo do tempo.<\/p>\n","protected":false},"excerpt":{"rendered":"<p>Tanto em Portugal como no Brasil o acesso \u00e0 cannabis medicinal tem crescido depressa \u2014 pela via do Infarmed e da produ\u00e7\u00e3o para exporta\u00e7\u00e3o na Europa, e pela via das&hellip;<\/p>\n","protected":false},"author":3,"featured_media":8337,"comment_status":"closed","ping_status":"open","sticky":false,"template":"","format":"standard","meta":{"_lmt_disableupdate":"","_lmt_disable":"","footnotes":""},"categories":[61,70],"tags":[],"class_list":["post-8338","post","type-post","status-publish","format-standard","has-post-thumbnail","hentry","category-ciencia-pt-pt","category-saude"],"yoast_head":"<!-- This site is optimized with the Yoast SEO plugin v28.4 - https:\/\/yoast.com\/product\/yoast-seo-wordpress\/ -->\n<title>Cannabis e amamenta\u00e7\u00e3o: o que um novo estudo revelou<\/title>\n<meta name=\"description\" content=\"Um estudo pioneiro encontrou res\u00edduos de fumo na urina de beb\u00e9s amamentados cujas m\u00e3es consomem cannabis. O que a ci\u00eancia diz sobre cannabis e amamenta\u00e7\u00e3o.\" \/>\n<meta name=\"robots\" content=\"index, follow, max-snippet:-1, max-image-preview:large, max-video-preview:-1\" \/>\n<link rel=\"canonical\" href=\"https:\/\/thecannex.com\/pt-pt\/cannabis-e-amamentacao-residuos-fumo\/\" \/>\n<meta property=\"og:locale\" content=\"pt_PT\" \/>\n<meta property=\"og:type\" content=\"article\" \/>\n<meta property=\"og:title\" content=\"Cannabis e amamenta\u00e7\u00e3o: o que um novo estudo revelou\" \/>\n<meta property=\"og:description\" content=\"Um estudo pioneiro encontrou res\u00edduos de fumo na urina de beb\u00e9s amamentados cujas m\u00e3es consomem cannabis. O que a ci\u00eancia diz sobre cannabis e amamenta\u00e7\u00e3o.\" \/>\n<meta property=\"og:url\" content=\"https:\/\/thecannex.com\/pt-pt\/cannabis-e-amamentacao-residuos-fumo\/\" \/>\n<meta property=\"og:site_name\" content=\"The Cannex\" \/>\n<meta property=\"article:published_time\" content=\"2026-07-15T12:31:00+00:00\" \/>\n<meta property=\"article:modified_time\" content=\"2026-07-15T15:06:17+00:00\" \/>\n<meta property=\"og:image\" content=\"https:\/\/thecannex.com\/wp-content\/uploads\/2026\/07\/cannabis-breathfeeding-scaled.jpg\" \/>\n\t<meta property=\"og:image:width\" content=\"2201\" \/>\n\t<meta property=\"og:image:height\" content=\"1200\" \/>\n\t<meta property=\"og:image:type\" content=\"image\/jpeg\" \/>\n<meta name=\"author\" content=\"Sarah Bennett\" \/>\n<meta name=\"twitter:card\" content=\"summary_large_image\" \/>\n<meta name=\"twitter:label1\" content=\"Escrito por\" \/>\n\t<meta name=\"twitter:data1\" content=\"Sarah Bennett\" \/>\n\t<meta name=\"twitter:label2\" content=\"Tempo estimado de leitura\" \/>\n\t<meta name=\"twitter:data2\" content=\"9 minutos\" \/>\n<script type=\"application\/ld+json\" class=\"yoast-schema-graph\">{\"@context\":\"https:\\\/\\\/schema.org\",\"@graph\":[{\"@type\":\"NewsArticle\",\"@id\":\"https:\\\/\\\/thecannex.com\\\/pt-pt\\\/cannabis-e-amamentacao-residuos-fumo\\\/#article\",\"isPartOf\":{\"@id\":\"https:\\\/\\\/thecannex.com\\\/pt-pt\\\/cannabis-e-amamentacao-residuos-fumo\\\/\"},\"author\":{\"name\":\"Sarah Bennett\",\"@id\":\"http:\\\/\\\/thecannex.com\\\/pt-pt\\\/#\\\/schema\\\/person\\\/5d811e081cb4ce10c0e0d22fbe370074\"},\"headline\":\"Cannabis e amamenta\u00e7\u00e3o: cientistas encontram res\u00edduos de fumo na urina de beb\u00e9s\",\"datePublished\":\"2026-07-15T12:31:00+00:00\",\"dateModified\":\"2026-07-15T15:06:17+00:00\",\"mainEntityOfPage\":{\"@id\":\"https:\\\/\\\/thecannex.com\\\/pt-pt\\\/cannabis-e-amamentacao-residuos-fumo\\\/\"},\"wordCount\":2315,\"publisher\":{\"@id\":\"http:\\\/\\\/thecannex.com\\\/pt-pt\\\/#organization\"},\"image\":{\"@id\":\"https:\\\/\\\/thecannex.com\\\/pt-pt\\\/cannabis-e-amamentacao-residuos-fumo\\\/#primaryimage\"},\"thumbnailUrl\":\"https:\\\/\\\/thecannex.com\\\/wp-content\\\/uploads\\\/2026\\\/07\\\/cannabis-breathfeeding-scaled.jpg\",\"articleSection\":[\"Ci\u00eancia\",\"Sa\u00fade\"],\"inLanguage\":\"pt-PT\"},{\"@type\":[\"WebPage\",\"FAQPage\"],\"@id\":\"https:\\\/\\\/thecannex.com\\\/pt-pt\\\/cannabis-e-amamentacao-residuos-fumo\\\/\",\"url\":\"https:\\\/\\\/thecannex.com\\\/pt-pt\\\/cannabis-e-amamentacao-residuos-fumo\\\/\",\"name\":\"Cannabis e amamenta\u00e7\u00e3o: o que um novo estudo revelou\",\"isPartOf\":{\"@id\":\"http:\\\/\\\/thecannex.com\\\/pt-pt\\\/#website\"},\"primaryImageOfPage\":{\"@id\":\"https:\\\/\\\/thecannex.com\\\/pt-pt\\\/cannabis-e-amamentacao-residuos-fumo\\\/#primaryimage\"},\"image\":{\"@id\":\"https:\\\/\\\/thecannex.com\\\/pt-pt\\\/cannabis-e-amamentacao-residuos-fumo\\\/#primaryimage\"},\"thumbnailUrl\":\"https:\\\/\\\/thecannex.com\\\/wp-content\\\/uploads\\\/2026\\\/07\\\/cannabis-breathfeeding-scaled.jpg\",\"datePublished\":\"2026-07-15T12:31:00+00:00\",\"dateModified\":\"2026-07-15T15:06:17+00:00\",\"description\":\"Um estudo pioneiro encontrou res\u00edduos de fumo na urina de beb\u00e9s amamentados cujas m\u00e3es consomem cannabis. O que a ci\u00eancia diz sobre cannabis e amamenta\u00e7\u00e3o.\",\"breadcrumb\":{\"@id\":\"https:\\\/\\\/thecannex.com\\\/pt-pt\\\/cannabis-e-amamentacao-residuos-fumo\\\/#breadcrumb\"},\"mainEntity\":[{\"@id\":\"https:\\\/\\\/thecannex.com\\\/pt-pt\\\/cannabis-e-amamentacao-residuos-fumo\\\/#faq-question-1784127859662\"},{\"@id\":\"https:\\\/\\\/thecannex.com\\\/pt-pt\\\/cannabis-e-amamentacao-residuos-fumo\\\/#faq-question-1784127869123\"},{\"@id\":\"https:\\\/\\\/thecannex.com\\\/pt-pt\\\/cannabis-e-amamentacao-residuos-fumo\\\/#faq-question-1784127883803\"},{\"@id\":\"https:\\\/\\\/thecannex.com\\\/pt-pt\\\/cannabis-e-amamentacao-residuos-fumo\\\/#faq-question-1784127900483\"}],\"inLanguage\":\"pt-PT\",\"potentialAction\":[{\"@type\":\"ReadAction\",\"target\":[\"https:\\\/\\\/thecannex.com\\\/pt-pt\\\/cannabis-e-amamentacao-residuos-fumo\\\/\"]}]},{\"@type\":\"ImageObject\",\"inLanguage\":\"pt-PT\",\"@id\":\"https:\\\/\\\/thecannex.com\\\/pt-pt\\\/cannabis-e-amamentacao-residuos-fumo\\\/#primaryimage\",\"url\":\"https:\\\/\\\/thecannex.com\\\/wp-content\\\/uploads\\\/2026\\\/07\\\/cannabis-breathfeeding-scaled.jpg\",\"contentUrl\":\"https:\\\/\\\/thecannex.com\\\/wp-content\\\/uploads\\\/2026\\\/07\\\/cannabis-breathfeeding-scaled.jpg\",\"width\":2201,\"height\":1200,\"caption\":\"cannabis e amamenta\u00e7\u00e3o\"},{\"@type\":\"BreadcrumbList\",\"@id\":\"https:\\\/\\\/thecannex.com\\\/pt-pt\\\/cannabis-e-amamentacao-residuos-fumo\\\/#breadcrumb\",\"itemListElement\":[{\"@type\":\"ListItem\",\"position\":1,\"name\":\"Home\",\"item\":\"https:\\\/\\\/thecannex.com\\\/pt-pt\\\/\"},{\"@type\":\"ListItem\",\"position\":2,\"name\":\"Cannabis e amamenta\u00e7\u00e3o: cientistas encontram res\u00edduos de fumo na urina de beb\u00e9s\"}]},{\"@type\":\"WebSite\",\"@id\":\"http:\\\/\\\/thecannex.com\\\/pt-pt\\\/#website\",\"url\":\"http:\\\/\\\/thecannex.com\\\/pt-pt\\\/\",\"name\":\"The Cannex\",\"description\":\"How cannabis changes the world\",\"publisher\":{\"@id\":\"http:\\\/\\\/thecannex.com\\\/pt-pt\\\/#organization\"},\"potentialAction\":[{\"@type\":\"SearchAction\",\"target\":{\"@type\":\"EntryPoint\",\"urlTemplate\":\"http:\\\/\\\/thecannex.com\\\/pt-pt\\\/?s={search_term_string}\"},\"query-input\":{\"@type\":\"PropertyValueSpecification\",\"valueRequired\":true,\"valueName\":\"search_term_string\"}}],\"inLanguage\":\"pt-PT\"},{\"@type\":\"Organization\",\"@id\":\"http:\\\/\\\/thecannex.com\\\/pt-pt\\\/#organization\",\"name\":\"The Cannex\",\"url\":\"http:\\\/\\\/thecannex.com\\\/pt-pt\\\/\",\"logo\":{\"@type\":\"ImageObject\",\"inLanguage\":\"pt-PT\",\"@id\":\"http:\\\/\\\/thecannex.com\\\/pt-pt\\\/#\\\/schema\\\/logo\\\/image\\\/\",\"url\":\"https:\\\/\\\/thecannex.com\\\/wp-content\\\/uploads\\\/2024\\\/11\\\/cannex-logo.png\",\"contentUrl\":\"https:\\\/\\\/thecannex.com\\\/wp-content\\\/uploads\\\/2024\\\/11\\\/cannex-logo.png\",\"width\":483,\"height\":81,\"caption\":\"The Cannex\"},\"image\":{\"@id\":\"http:\\\/\\\/thecannex.com\\\/pt-pt\\\/#\\\/schema\\\/logo\\\/image\\\/\"}},{\"@type\":\"Person\",\"@id\":\"http:\\\/\\\/thecannex.com\\\/pt-pt\\\/#\\\/schema\\\/person\\\/5d811e081cb4ce10c0e0d22fbe370074\",\"name\":\"Sarah Bennett\",\"pronouns\":\"she\\\/her\",\"image\":{\"@type\":\"ImageObject\",\"inLanguage\":\"pt-PT\",\"@id\":\"https:\\\/\\\/thecannex.com\\\/wp-content\\\/uploads\\\/2025\\\/12\\\/cropped-sarah-scaled-1-96x96.jpg\",\"url\":\"https:\\\/\\\/thecannex.com\\\/wp-content\\\/uploads\\\/2025\\\/12\\\/cropped-sarah-scaled-1-96x96.jpg\",\"contentUrl\":\"https:\\\/\\\/thecannex.com\\\/wp-content\\\/uploads\\\/2025\\\/12\\\/cropped-sarah-scaled-1-96x96.jpg\",\"caption\":\"Sarah Bennett\"},\"description\":\"Science Editor at TheCannex. Sarah is a passionate science communicator dedicated to making complex medical research accessible to everyone. With a deep background in health journalism, she monitors global clinical trials to translate heavy scientific data into clear insights, helping readers separate proven facts from industry hype.\",\"url\":\"https:\\\/\\\/thecannex.com\\\/pt-pt\\\/author\\\/sarah_bennett\\\/\"},{\"@type\":\"Question\",\"@id\":\"https:\\\/\\\/thecannex.com\\\/pt-pt\\\/cannabis-e-amamentacao-residuos-fumo\\\/#faq-question-1784127859662\",\"position\":1,\"url\":\"https:\\\/\\\/thecannex.com\\\/pt-pt\\\/cannabis-e-amamentacao-residuos-fumo\\\/#faq-question-1784127859662\",\"name\":\"Este estudo prova que a cannabis no leite materno faz mal aos beb\u00e9s?\",\"answerCount\":1,\"acceptedAnswer\":{\"@type\":\"Answer\",\"text\":\"N\u00e3o, e os autores s\u00e3o enf\u00e1ticos nisso. Prova apenas que nestes beb\u00e9s se podem detetar subst\u00e2ncias ligadas ao fumo e que algumas sobem ap\u00f3s o consumo da m\u00e3e. Se essas quantidades causam algum dano \u00e9 desconhecido, e o estudo n\u00e3o conseguiu provar que a cannabis seja a \u00fanica fonte. \u00c9 um ponto de partida para a investiga\u00e7\u00e3o, n\u00e3o um veredicto de sa\u00fade.\",\"inLanguage\":\"pt-PT\"},\"inLanguage\":\"pt-PT\"},{\"@type\":\"Question\",\"@id\":\"https:\\\/\\\/thecannex.com\\\/pt-pt\\\/cannabis-e-amamentacao-residuos-fumo\\\/#faq-question-1784127869123\",\"position\":2,\"url\":\"https:\\\/\\\/thecannex.com\\\/pt-pt\\\/cannabis-e-amamentacao-residuos-fumo\\\/#faq-question-1784127869123\",\"name\":\"Vaporizar \u00e9 mais seguro do que fumar durante a amamenta\u00e7\u00e3o?\",\"answerCount\":1,\"acceptedAnswer\":{\"@type\":\"Answer\",\"text\":\"O estudo encontrou n\u00edveis mais baixos de dois produtos de cancer\u00edgenos nos beb\u00e9s de m\u00e3es que vaporizaram em vez de fumar, o que encaixa na qu\u00edmica da temperatura mais baixa do vaporizador. Mas \u201cmais baixo\u201d n\u00e3o \u00e9 \u201cseguro\u201d: o THC passa para o leite com qualquer m\u00e9todo, e o grupo que apenas vaporizava era muito reduzido. \u00c9 um sinal relevante, n\u00e3o um aval do vaporizador.\",\"inLanguage\":\"pt-PT\"},\"inLanguage\":\"pt-PT\"},{\"@type\":\"Question\",\"@id\":\"https:\\\/\\\/thecannex.com\\\/pt-pt\\\/cannabis-e-amamentacao-residuos-fumo\\\/#faq-question-1784127883803\",\"position\":3,\"url\":\"https:\\\/\\\/thecannex.com\\\/pt-pt\\\/cannabis-e-amamentacao-residuos-fumo\\\/#faq-question-1784127883803\",\"name\":\"O que diz a lei em Portugal e no Brasil sobre a cannabis e a amamenta\u00e7\u00e3o?\",\"answerCount\":1,\"acceptedAnswer\":{\"@type\":\"Answer\",\"text\":\"S\u00e3o regimes distintos. Em Portugal, o uso pessoal est\u00e1 descriminalizado desde 2001 e a cannabis medicinal \u00e9 regulada pelo Infarmed (Lei n.\u00ba 33\\\/2018). No Brasil, aplica-se a Lei 11.343\\\/2006, com o limite de refer\u00eancia para uso pessoal fixado pelo STF em 2024, enquanto o acesso medicinal segue as resolu\u00e7\u00f5es da Anvisa e, no caso do cultivo, autoriza\u00e7\u00f5es judiciais por habeas corpus. Nenhum destes quadros se pronuncia sobre a seguran\u00e7a durante a amamenta\u00e7\u00e3o, que \u00e9 uma quest\u00e3o cl\u00ednica. Para decis\u00f5es concretas, deve consultar-se pessoal de sa\u00fade.\",\"inLanguage\":\"pt-PT\"},\"inLanguage\":\"pt-PT\"},{\"@type\":\"Question\",\"@id\":\"https:\\\/\\\/thecannex.com\\\/pt-pt\\\/cannabis-e-amamentacao-residuos-fumo\\\/#faq-question-1784127900483\",\"position\":4,\"url\":\"https:\\\/\\\/thecannex.com\\\/pt-pt\\\/cannabis-e-amamentacao-residuos-fumo\\\/#faq-question-1784127900483\",\"name\":\"Quanto THC chega, na realidade, ao beb\u00e9?\",\"answerCount\":1,\"acceptedAnswer\":{\"@type\":\"Answer\",\"text\":\"Neste estudo, a ingest\u00e3o di\u00e1ria m\u00e9dia estimada de THC por beb\u00e9 atrav\u00e9s do leite variou entre cerca de 0,002 e 0,196 miligramas por dia, com uma m\u00e9dia pr\u00f3xima de 0,05 miligramas. S\u00e3o quantidades pequenas, mas os investigadores avisam que se desconhece o que significa uma exposi\u00e7\u00e3o baixa mas repetida durante o desenvolvimento inicial.\",\"inLanguage\":\"pt-PT\"},\"inLanguage\":\"pt-PT\"}]}<\/script>\n<!-- \/ Yoast SEO plugin. -->","yoast_head_json":{"title":"Cannabis e amamenta\u00e7\u00e3o: o que um novo estudo revelou","description":"Um estudo pioneiro encontrou res\u00edduos de fumo na urina de beb\u00e9s amamentados cujas m\u00e3es consomem cannabis. O que a ci\u00eancia diz sobre cannabis e amamenta\u00e7\u00e3o.","robots":{"index":"index","follow":"follow","max-snippet":"max-snippet:-1","max-image-preview":"max-image-preview:large","max-video-preview":"max-video-preview:-1"},"canonical":"https:\/\/thecannex.com\/pt-pt\/cannabis-e-amamentacao-residuos-fumo\/","og_locale":"pt_PT","og_type":"article","og_title":"Cannabis e amamenta\u00e7\u00e3o: o que um novo estudo revelou","og_description":"Um estudo pioneiro encontrou res\u00edduos de fumo na urina de beb\u00e9s amamentados cujas m\u00e3es consomem cannabis. O que a ci\u00eancia diz sobre cannabis e amamenta\u00e7\u00e3o.","og_url":"https:\/\/thecannex.com\/pt-pt\/cannabis-e-amamentacao-residuos-fumo\/","og_site_name":"The Cannex","article_published_time":"2026-07-15T12:31:00+00:00","article_modified_time":"2026-07-15T15:06:17+00:00","og_image":[{"width":2201,"height":1200,"url":"https:\/\/thecannex.com\/wp-content\/uploads\/2026\/07\/cannabis-breathfeeding-scaled.jpg","type":"image\/jpeg"}],"author":"Sarah Bennett","twitter_card":"summary_large_image","twitter_misc":{"Escrito por":"Sarah Bennett","Tempo estimado de leitura":"9 minutos"},"schema":{"@context":"https:\/\/schema.org","@graph":[{"@type":"NewsArticle","@id":"https:\/\/thecannex.com\/pt-pt\/cannabis-e-amamentacao-residuos-fumo\/#article","isPartOf":{"@id":"https:\/\/thecannex.com\/pt-pt\/cannabis-e-amamentacao-residuos-fumo\/"},"author":{"name":"Sarah Bennett","@id":"http:\/\/thecannex.com\/pt-pt\/#\/schema\/person\/5d811e081cb4ce10c0e0d22fbe370074"},"headline":"Cannabis e amamenta\u00e7\u00e3o: cientistas encontram res\u00edduos de fumo na urina de beb\u00e9s","datePublished":"2026-07-15T12:31:00+00:00","dateModified":"2026-07-15T15:06:17+00:00","mainEntityOfPage":{"@id":"https:\/\/thecannex.com\/pt-pt\/cannabis-e-amamentacao-residuos-fumo\/"},"wordCount":2315,"publisher":{"@id":"http:\/\/thecannex.com\/pt-pt\/#organization"},"image":{"@id":"https:\/\/thecannex.com\/pt-pt\/cannabis-e-amamentacao-residuos-fumo\/#primaryimage"},"thumbnailUrl":"https:\/\/thecannex.com\/wp-content\/uploads\/2026\/07\/cannabis-breathfeeding-scaled.jpg","articleSection":["Ci\u00eancia","Sa\u00fade"],"inLanguage":"pt-PT"},{"@type":["WebPage","FAQPage"],"@id":"https:\/\/thecannex.com\/pt-pt\/cannabis-e-amamentacao-residuos-fumo\/","url":"https:\/\/thecannex.com\/pt-pt\/cannabis-e-amamentacao-residuos-fumo\/","name":"Cannabis e amamenta\u00e7\u00e3o: o que um novo estudo revelou","isPartOf":{"@id":"http:\/\/thecannex.com\/pt-pt\/#website"},"primaryImageOfPage":{"@id":"https:\/\/thecannex.com\/pt-pt\/cannabis-e-amamentacao-residuos-fumo\/#primaryimage"},"image":{"@id":"https:\/\/thecannex.com\/pt-pt\/cannabis-e-amamentacao-residuos-fumo\/#primaryimage"},"thumbnailUrl":"https:\/\/thecannex.com\/wp-content\/uploads\/2026\/07\/cannabis-breathfeeding-scaled.jpg","datePublished":"2026-07-15T12:31:00+00:00","dateModified":"2026-07-15T15:06:17+00:00","description":"Um estudo pioneiro encontrou res\u00edduos de fumo na urina de beb\u00e9s amamentados cujas m\u00e3es consomem cannabis. O que a ci\u00eancia diz sobre cannabis e amamenta\u00e7\u00e3o.","breadcrumb":{"@id":"https:\/\/thecannex.com\/pt-pt\/cannabis-e-amamentacao-residuos-fumo\/#breadcrumb"},"mainEntity":[{"@id":"https:\/\/thecannex.com\/pt-pt\/cannabis-e-amamentacao-residuos-fumo\/#faq-question-1784127859662"},{"@id":"https:\/\/thecannex.com\/pt-pt\/cannabis-e-amamentacao-residuos-fumo\/#faq-question-1784127869123"},{"@id":"https:\/\/thecannex.com\/pt-pt\/cannabis-e-amamentacao-residuos-fumo\/#faq-question-1784127883803"},{"@id":"https:\/\/thecannex.com\/pt-pt\/cannabis-e-amamentacao-residuos-fumo\/#faq-question-1784127900483"}],"inLanguage":"pt-PT","potentialAction":[{"@type":"ReadAction","target":["https:\/\/thecannex.com\/pt-pt\/cannabis-e-amamentacao-residuos-fumo\/"]}]},{"@type":"ImageObject","inLanguage":"pt-PT","@id":"https:\/\/thecannex.com\/pt-pt\/cannabis-e-amamentacao-residuos-fumo\/#primaryimage","url":"https:\/\/thecannex.com\/wp-content\/uploads\/2026\/07\/cannabis-breathfeeding-scaled.jpg","contentUrl":"https:\/\/thecannex.com\/wp-content\/uploads\/2026\/07\/cannabis-breathfeeding-scaled.jpg","width":2201,"height":1200,"caption":"cannabis e amamenta\u00e7\u00e3o"},{"@type":"BreadcrumbList","@id":"https:\/\/thecannex.com\/pt-pt\/cannabis-e-amamentacao-residuos-fumo\/#breadcrumb","itemListElement":[{"@type":"ListItem","position":1,"name":"Home","item":"https:\/\/thecannex.com\/pt-pt\/"},{"@type":"ListItem","position":2,"name":"Cannabis e amamenta\u00e7\u00e3o: cientistas encontram res\u00edduos de fumo na urina de beb\u00e9s"}]},{"@type":"WebSite","@id":"http:\/\/thecannex.com\/pt-pt\/#website","url":"http:\/\/thecannex.com\/pt-pt\/","name":"The Cannex","description":"How cannabis changes the world","publisher":{"@id":"http:\/\/thecannex.com\/pt-pt\/#organization"},"potentialAction":[{"@type":"SearchAction","target":{"@type":"EntryPoint","urlTemplate":"http:\/\/thecannex.com\/pt-pt\/?s={search_term_string}"},"query-input":{"@type":"PropertyValueSpecification","valueRequired":true,"valueName":"search_term_string"}}],"inLanguage":"pt-PT"},{"@type":"Organization","@id":"http:\/\/thecannex.com\/pt-pt\/#organization","name":"The Cannex","url":"http:\/\/thecannex.com\/pt-pt\/","logo":{"@type":"ImageObject","inLanguage":"pt-PT","@id":"http:\/\/thecannex.com\/pt-pt\/#\/schema\/logo\/image\/","url":"https:\/\/thecannex.com\/wp-content\/uploads\/2024\/11\/cannex-logo.png","contentUrl":"https:\/\/thecannex.com\/wp-content\/uploads\/2024\/11\/cannex-logo.png","width":483,"height":81,"caption":"The Cannex"},"image":{"@id":"http:\/\/thecannex.com\/pt-pt\/#\/schema\/logo\/image\/"}},{"@type":"Person","@id":"http:\/\/thecannex.com\/pt-pt\/#\/schema\/person\/5d811e081cb4ce10c0e0d22fbe370074","name":"Sarah Bennett","pronouns":"she\/her","image":{"@type":"ImageObject","inLanguage":"pt-PT","@id":"https:\/\/thecannex.com\/wp-content\/uploads\/2025\/12\/cropped-sarah-scaled-1-96x96.jpg","url":"https:\/\/thecannex.com\/wp-content\/uploads\/2025\/12\/cropped-sarah-scaled-1-96x96.jpg","contentUrl":"https:\/\/thecannex.com\/wp-content\/uploads\/2025\/12\/cropped-sarah-scaled-1-96x96.jpg","caption":"Sarah Bennett"},"description":"Science Editor at TheCannex. Sarah is a passionate science communicator dedicated to making complex medical research accessible to everyone. With a deep background in health journalism, she monitors global clinical trials to translate heavy scientific data into clear insights, helping readers separate proven facts from industry hype.","url":"https:\/\/thecannex.com\/pt-pt\/author\/sarah_bennett\/"},{"@type":"Question","@id":"https:\/\/thecannex.com\/pt-pt\/cannabis-e-amamentacao-residuos-fumo\/#faq-question-1784127859662","position":1,"url":"https:\/\/thecannex.com\/pt-pt\/cannabis-e-amamentacao-residuos-fumo\/#faq-question-1784127859662","name":"Este estudo prova que a cannabis no leite materno faz mal aos beb\u00e9s?","answerCount":1,"acceptedAnswer":{"@type":"Answer","text":"N\u00e3o, e os autores s\u00e3o enf\u00e1ticos nisso. Prova apenas que nestes beb\u00e9s se podem detetar subst\u00e2ncias ligadas ao fumo e que algumas sobem ap\u00f3s o consumo da m\u00e3e. Se essas quantidades causam algum dano \u00e9 desconhecido, e o estudo n\u00e3o conseguiu provar que a cannabis seja a \u00fanica fonte. \u00c9 um ponto de partida para a investiga\u00e7\u00e3o, n\u00e3o um veredicto de sa\u00fade.","inLanguage":"pt-PT"},"inLanguage":"pt-PT"},{"@type":"Question","@id":"https:\/\/thecannex.com\/pt-pt\/cannabis-e-amamentacao-residuos-fumo\/#faq-question-1784127869123","position":2,"url":"https:\/\/thecannex.com\/pt-pt\/cannabis-e-amamentacao-residuos-fumo\/#faq-question-1784127869123","name":"Vaporizar \u00e9 mais seguro do que fumar durante a amamenta\u00e7\u00e3o?","answerCount":1,"acceptedAnswer":{"@type":"Answer","text":"O estudo encontrou n\u00edveis mais baixos de dois produtos de cancer\u00edgenos nos beb\u00e9s de m\u00e3es que vaporizaram em vez de fumar, o que encaixa na qu\u00edmica da temperatura mais baixa do vaporizador. Mas \u201cmais baixo\u201d n\u00e3o \u00e9 \u201cseguro\u201d: o THC passa para o leite com qualquer m\u00e9todo, e o grupo que apenas vaporizava era muito reduzido. \u00c9 um sinal relevante, n\u00e3o um aval do vaporizador.","inLanguage":"pt-PT"},"inLanguage":"pt-PT"},{"@type":"Question","@id":"https:\/\/thecannex.com\/pt-pt\/cannabis-e-amamentacao-residuos-fumo\/#faq-question-1784127883803","position":3,"url":"https:\/\/thecannex.com\/pt-pt\/cannabis-e-amamentacao-residuos-fumo\/#faq-question-1784127883803","name":"O que diz a lei em Portugal e no Brasil sobre a cannabis e a amamenta\u00e7\u00e3o?","answerCount":1,"acceptedAnswer":{"@type":"Answer","text":"S\u00e3o regimes distintos. Em Portugal, o uso pessoal est\u00e1 descriminalizado desde 2001 e a cannabis medicinal \u00e9 regulada pelo Infarmed (Lei n.\u00ba 33\/2018). No Brasil, aplica-se a Lei 11.343\/2006, com o limite de refer\u00eancia para uso pessoal fixado pelo STF em 2024, enquanto o acesso medicinal segue as resolu\u00e7\u00f5es da Anvisa e, no caso do cultivo, autoriza\u00e7\u00f5es judiciais por habeas corpus. Nenhum destes quadros se pronuncia sobre a seguran\u00e7a durante a amamenta\u00e7\u00e3o, que \u00e9 uma quest\u00e3o cl\u00ednica. Para decis\u00f5es concretas, deve consultar-se pessoal de sa\u00fade.","inLanguage":"pt-PT"},"inLanguage":"pt-PT"},{"@type":"Question","@id":"https:\/\/thecannex.com\/pt-pt\/cannabis-e-amamentacao-residuos-fumo\/#faq-question-1784127900483","position":4,"url":"https:\/\/thecannex.com\/pt-pt\/cannabis-e-amamentacao-residuos-fumo\/#faq-question-1784127900483","name":"Quanto THC chega, na realidade, ao beb\u00e9?","answerCount":1,"acceptedAnswer":{"@type":"Answer","text":"Neste estudo, a ingest\u00e3o di\u00e1ria m\u00e9dia estimada de THC por beb\u00e9 atrav\u00e9s do leite variou entre cerca de 0,002 e 0,196 miligramas por dia, com uma m\u00e9dia pr\u00f3xima de 0,05 miligramas. S\u00e3o quantidades pequenas, mas os investigadores avisam que se desconhece o que significa uma exposi\u00e7\u00e3o baixa mas repetida durante o desenvolvimento inicial.","inLanguage":"pt-PT"},"inLanguage":"pt-PT"}]}},"brizy_media":[],"_links":{"self":[{"href":"https:\/\/thecannex.com\/pt-pt\/wp-json\/wp\/v2\/posts\/8338","targetHints":{"allow":["GET"]}}],"collection":[{"href":"https:\/\/thecannex.com\/pt-pt\/wp-json\/wp\/v2\/posts"}],"about":[{"href":"https:\/\/thecannex.com\/pt-pt\/wp-json\/wp\/v2\/types\/post"}],"author":[{"embeddable":true,"href":"https:\/\/thecannex.com\/pt-pt\/wp-json\/wp\/v2\/users\/3"}],"replies":[{"embeddable":true,"href":"https:\/\/thecannex.com\/pt-pt\/wp-json\/wp\/v2\/comments?post=8338"}],"version-history":[{"count":1,"href":"https:\/\/thecannex.com\/pt-pt\/wp-json\/wp\/v2\/posts\/8338\/revisions"}],"predecessor-version":[{"id":8339,"href":"https:\/\/thecannex.com\/pt-pt\/wp-json\/wp\/v2\/posts\/8338\/revisions\/8339"}],"wp:featuredmedia":[{"embeddable":true,"href":"https:\/\/thecannex.com\/pt-pt\/wp-json\/wp\/v2\/media\/8337"}],"wp:attachment":[{"href":"https:\/\/thecannex.com\/pt-pt\/wp-json\/wp\/v2\/media?parent=8338"}],"wp:term":[{"taxonomy":"category","embeddable":true,"href":"https:\/\/thecannex.com\/pt-pt\/wp-json\/wp\/v2\/categories?post=8338"},{"taxonomy":"post_tag","embeddable":true,"href":"https:\/\/thecannex.com\/pt-pt\/wp-json\/wp\/v2\/tags?post=8338"}],"curies":[{"name":"wp","href":"https:\/\/api.w.org\/{rel}","templated":true}]}}